{"id":824,"date":"2025-07-15T14:27:53","date_gmt":"2025-07-15T19:27:53","guid":{"rendered":"https:\/\/wp.lamolina.edu.pe\/pmdas\/?p=824"},"modified":"2025-12-11T12:31:14","modified_gmt":"2025-12-11T17:31:14","slug":"felix-camarena","status":"publish","type":"post","link":"https:\/\/wp.lamolina.edu.pe\/postgrado\/pmas\/2025\/07\/15\/felix-camarena\/","title":{"rendered":"F\u00e9lix Camarena"},"content":{"rendered":"\t\t<div data-elementor-type=\"wp-post\" data-elementor-id=\"824\" class=\"elementor elementor-824\" data-elementor-post-type=\"post\">\n\t\t\t\t<div class=\"elementor-element elementor-element-37b7554 e-flex e-con-boxed e-con e-parent\" data-id=\"37b7554\" data-element_type=\"container\">\n\t\t\t\t\t<div class=\"e-con-inner\">\n\t\t<div class=\"elementor-element elementor-element-e60ac28 e-con-full e-flex e-con e-child\" data-id=\"e60ac28\" data-element_type=\"container\">\n\t\t\t\t<div class=\"elementor-element elementor-element-53493a4 elementor-widget__width-initial elementor-widget elementor-widget-image\" data-id=\"53493a4\" data-element_type=\"widget\" data-widget_type=\"image.default\">\n\t\t\t\t\t\t\t\t\t\t\t\t\t\t\t<img fetchpriority=\"high\" decoding=\"async\" width=\"300\" height=\"278\" src=\"https:\/\/wp.lamolina.edu.pe\/postgrado\/pmas\/wp-content\/uploads\/2025\/07\/fcamarena1a-1-1-300x278.jpg\" class=\"attachment-medium size-medium wp-image-832\" alt=\"\" srcset=\"https:\/\/wp.lamolina.edu.pe\/postgrado\/pmas\/wp-content\/uploads\/2025\/07\/fcamarena1a-1-1-300x278.jpg 300w, https:\/\/wp.lamolina.edu.pe\/postgrado\/pmas\/wp-content\/uploads\/2025\/07\/fcamarena1a-1-1.jpg 552w\" sizes=\"(max-width: 300px) 100vw, 300px\" \/>\t\t\t\t\t\t\t\t\t\t\t\t\t\t\t<\/div>\n\t\t\t\t<div class=\"elementor-element elementor-element-539d9dc elementor-widget elementor-widget-heading\" data-id=\"539d9dc\" data-element_type=\"widget\" data-widget_type=\"heading.default\">\n\t\t\t\t\t<h2 class=\"elementor-heading-title elementor-size-default\">F\u00e9lix Camarena Mayta<\/h2>\t\t\t\t<\/div>\n\t\t\t\t<div class=\"elementor-element elementor-element-d32862c elementor-widget elementor-widget-text-editor\" data-id=\"d32862c\" data-element_type=\"widget\" data-widget_type=\"text-editor.default\">\n\t\t\t\t\t\t\t\t\t<p>Correo: camafe@lamolina.edu.pe<\/p>\t\t\t\t\t\t\t\t<\/div>\n\t\t\t\t<div class=\"elementor-element elementor-element-ff0347f elementor-widget elementor-widget-n-accordion\" data-id=\"ff0347f\" data-element_type=\"widget\" data-settings=\"{&quot;default_state&quot;:&quot;all_collapsed&quot;,&quot;max_items_expended&quot;:&quot;one&quot;,&quot;n_accordion_animation_duration&quot;:{&quot;unit&quot;:&quot;ms&quot;,&quot;size&quot;:400,&quot;sizes&quot;:[]}}\" data-widget_type=\"nested-accordion.default\">\n\t\t\t\t\t\t\t<div class=\"e-n-accordion\" aria-label=\"Accordion. Open links with Enter or Space, close with Escape, and navigate with Arrow Keys\">\n\t\t\t\t\t\t<details id=\"e-n-accordion-item-2670\" class=\"e-n-accordion-item\" >\n\t\t\t\t<summary class=\"e-n-accordion-item-title\" data-accordion-index=\"1\" tabindex=\"0\" aria-expanded=\"false\" aria-controls=\"e-n-accordion-item-2670\" >\n\t\t\t\t\t<span class='e-n-accordion-item-title-header'><div class=\"e-n-accordion-item-title-text\"> Mas informaci\u00f3n <\/div><\/span>\n\t\t\t\t\t\t\t<span class='e-n-accordion-item-title-icon'>\n\t\t\t<span class='e-opened' ><svg aria-hidden=\"true\" class=\"e-font-icon-svg e-fas-chevron-up\" viewBox=\"0 0 448 512\" xmlns=\"http:\/\/www.w3.org\/2000\/svg\"><path d=\"M240.971 130.524l194.343 194.343c9.373 9.373 9.373 24.569 0 33.941l-22.667 22.667c-9.357 9.357-24.522 9.375-33.901.04L224 227.495 69.255 381.516c-9.379 9.335-24.544 9.317-33.901-.04l-22.667-22.667c-9.373-9.373-9.373-24.569 0-33.941L207.03 130.525c9.372-9.373 24.568-9.373 33.941-.001z\"><\/path><\/svg><\/span>\n\t\t\t<span class='e-closed'><svg aria-hidden=\"true\" class=\"e-font-icon-svg e-fas-chevron-down\" viewBox=\"0 0 448 512\" xmlns=\"http:\/\/www.w3.org\/2000\/svg\"><path d=\"M207.029 381.476L12.686 187.132c-9.373-9.373-9.373-24.569 0-33.941l22.667-22.667c9.357-9.357 24.522-9.375 33.901-.04L224 284.505l154.745-154.021c9.379-9.335 24.544-9.317 33.901.04l22.667 22.667c9.373 9.373 9.373 24.569 0 33.941L240.971 381.476c-9.373 9.372-24.569 9.372-33.942 0z\"><\/path><\/svg><\/span>\n\t\t<\/span>\n\n\t\t\t\t\t\t<\/summary>\n\t\t\t\t<div role=\"region\" aria-labelledby=\"e-n-accordion-item-2670\" class=\"elementor-element elementor-element-7aa62ba e-con-full e-flex e-con e-child\" data-id=\"7aa62ba\" data-element_type=\"container\">\n\t\t\t\t<div class=\"elementor-element elementor-element-7969cbf elementor-widget elementor-widget-text-editor\" data-id=\"7969cbf\" data-element_type=\"widget\" data-widget_type=\"text-editor.default\">\n\t\t\t\t\t\t\t\t\t<p><strong>Formacion Ac\u00e1demica:<\/strong><br>Doctor en Ciencias Agron\u00f3micas Ingeniero Agr\u00f3nomos de la Universidad Nacional del Centro de Per\u00fa (1968), obtuvo su maestr\u00eda como Mg. Sc. Mejoramiento Gen\u00e9tico de Plantas en UNALM (1978), su Doctorado en Ciencias Agron\u00f3micas en Facult\u00e9 Universitaire des Sciences Agronomiques de Gembloux B\u00e9lgica (1988), se a especializado en Mejoramiento Gen\u00e9tico de las Leguminosas alimenticias Especializaciones: Mejoramiento Gen\u00e9tico en legumbres.<\/p>\n<p><strong>L\u00edneas de Investigaci\u00f3n:<\/strong><span style=\"background-color: transparent;\">.<\/span><\/p>\n<div>\n<ul>\n<li>Biotecnolog\u00eda Agr\u00edcola (Biotecnolog\u00eda agr\u00edcola y de alimentos).<\/li>\n<\/ul>\n<\/div>\n<p><strong>Proyectos que tiene en ejecuci\u00f3n:<\/strong><\/p>\t\t\t\t\t\t\t\t<\/div>\n\t\t\t\t<\/div>\n\t\t\t\t\t<\/details>\n\t\t\t\t\t<\/div>\n\t\t\t\t\t\t<\/div>\n\t\t\t\t<div class=\"elementor-element elementor-element-33ab346 elementor-align-center e-transform elementor-widget elementor-widget-button\" data-id=\"33ab346\" data-element_type=\"widget\" data-settings=\"{&quot;_transform_scale_effect&quot;:{&quot;unit&quot;:&quot;px&quot;,&quot;size&quot;:1.1,&quot;sizes&quot;:[]},&quot;_transform_scale_effect_tablet&quot;:{&quot;unit&quot;:&quot;px&quot;,&quot;size&quot;:&quot;&quot;,&quot;sizes&quot;:[]},&quot;_transform_scale_effect_mobile&quot;:{&quot;unit&quot;:&quot;px&quot;,&quot;size&quot;:&quot;&quot;,&quot;sizes&quot;:[]}}\" data-widget_type=\"button.default\">\n\t\t\t\t\t\t\t\t\t\t<a class=\"elementor-button elementor-button-link elementor-size-sm\" href=\"https:\/\/wp.lamolina.edu.pe\/postgrado\/pmas\/docentes\/\">\n\t\t\t\t\t\t<span class=\"elementor-button-content-wrapper\">\n\t\t\t\t\t\t<span class=\"elementor-button-icon\">\n\t\t\t\t<svg aria-hidden=\"true\" class=\"e-font-icon-svg e-far-hand-point-left\" viewBox=\"0 0 512 512\" xmlns=\"http:\/\/www.w3.org\/2000\/svg\"><path d=\"M0 220.8C0 266.416 37.765 304 83.2 304h35.647a93.148 93.148 0 0 0 7.929 22.064c-2.507 22.006 3.503 44.978 15.985 62.791C143.9 441.342 180.159 480 242.701 480H264c60.063 0 98.512-40 127.2-40h2.679c5.747 4.952 13.536 8 22.12 8h64c17.673 0 32-12.894 32-28.8V188.8c0-15.906-14.327-28.8-32-28.8h-64c-8.584 0-16.373 3.048-22.12 8H391.2c-6.964 0-14.862-6.193-30.183-23.668l-.129-.148-.131-.146c-8.856-9.937-18.116-20.841-25.851-33.253C316.202 80.537 304.514 32 259.2 32c-56.928 0-92 35.286-92 83.2 0 8.026.814 15.489 2.176 22.4H83.2C38.101 137.6 0 175.701 0 220.8zm48 0c0-18.7 16.775-35.2 35.2-35.2h158.4c0-17.325-26.4-35.2-26.4-70.4 0-26.4 20.625-35.2 44-35.2 8.794 0 20.445 32.712 34.926 56.1 9.074 14.575 19.524 27.225 30.799 39.875 16.109 18.374 33.836 36.633 59.075 39.596v176.752C341.21 396.087 309.491 432 264 432h-21.299c-40.524 0-57.124-22.197-50.601-61.325-14.612-8.001-24.151-33.979-12.925-53.625-19.365-18.225-17.787-46.381-4.95-61.05H83.2C64.225 256 48 239.775 48 220.8zM448 360c13.255 0 24 10.745 24 24s-10.745 24-24 24-24-10.745-24-24 10.745-24 24-24z\"><\/path><\/svg>\t\t\t<\/span>\n\t\t\t\t\t\t\t\t\t<span class=\"elementor-button-text\">Retornar<\/span>\n\t\t\t\t\t<\/span>\n\t\t\t\t\t<\/a>\n\t\t\t\t\t\t\t\t<\/div>\n\t\t\t\t<\/div>\n\t\t\t\t\t<\/div>\n\t\t\t\t<\/div>\n\t\t\t\t<\/div>\n\t\t","protected":false},"excerpt":{"rendered":"<p>F\u00e9lix Camarena Mayta Correo: camafe@lamolina.edu.pe Mas informaci\u00f3n Formacion Ac\u00e1demica:Doctor en Ciencias Agron\u00f3micas Ingeniero Agr\u00f3nomos de la Universidad Nacional del Centro de Per\u00fa (1968), obtuvo su maestr\u00eda como Mg. Sc. Mejoramiento Gen\u00e9tico de Plantas en UNALM (1978), su Doctorado en Ciencias Agron\u00f3micas en Facult\u00e9 Universitaire des Sciences Agronomiques de Gembloux B\u00e9lgica (1988), se a especializado en [&hellip;]<\/p>\n","protected":false},"author":1,"featured_media":832,"comment_status":"closed","ping_status":"open","sticky":false,"template":"elementor_header_footer","format":"standard","meta":{"_joinchat":[],"footnotes":""},"categories":[2],"tags":[7],"class_list":["post-824","post","type-post","status-publish","format-standard","has-post-thumbnail","hentry","category-docentes","tag-docente-coordinador"],"rttpg_featured_image_url":{"full":["https:\/\/wp.lamolina.edu.pe\/postgrado\/pmas\/wp-content\/uploads\/2025\/07\/fcamarena1a-1-1.jpg",552,512,false],"landscape":["https:\/\/wp.lamolina.edu.pe\/postgrado\/pmas\/wp-content\/uploads\/2025\/07\/fcamarena1a-1-1.jpg",552,512,false],"portraits":["https:\/\/wp.lamolina.edu.pe\/postgrado\/pmas\/wp-content\/uploads\/2025\/07\/fcamarena1a-1-1.jpg",552,512,false],"thumbnail":["https:\/\/wp.lamolina.edu.pe\/postgrado\/pmas\/wp-content\/uploads\/2025\/07\/fcamarena1a-1-1-150x150.jpg",150,150,true],"medium":["https:\/\/wp.lamolina.edu.pe\/postgrado\/pmas\/wp-content\/uploads\/2025\/07\/fcamarena1a-1-1-300x278.jpg",300,278,true],"large":["https:\/\/wp.lamolina.edu.pe\/postgrado\/pmas\/wp-content\/uploads\/2025\/07\/fcamarena1a-1-1.jpg",552,512,false],"1536x1536":["https:\/\/wp.lamolina.edu.pe\/postgrado\/pmas\/wp-content\/uploads\/2025\/07\/fcamarena1a-1-1.jpg",552,512,false],"2048x2048":["https:\/\/wp.lamolina.edu.pe\/postgrado\/pmas\/wp-content\/uploads\/2025\/07\/fcamarena1a-1-1.jpg",552,512,false]},"rttpg_author":{"display_name":"pmas","author_link":"https:\/\/wp.lamolina.edu.pe\/postgrado\/pmas\/author\/pmas\/"},"rttpg_comment":0,"rttpg_category":"<a href=\"https:\/\/wp.lamolina.edu.pe\/postgrado\/pmas\/category\/docentes\/\" rel=\"category tag\">Docentes<\/a>","rttpg_excerpt":"F\u00e9lix Camarena Mayta Correo: camafe@lamolina.edu.pe Mas informaci\u00f3n Formacion Ac\u00e1demica:Doctor en Ciencias Agron\u00f3micas Ingeniero Agr\u00f3nomos de la Universidad Nacional del Centro de Per\u00fa (1968), obtuvo su maestr\u00eda como Mg. Sc. Mejoramiento Gen\u00e9tico de Plantas en UNALM (1978), su Doctorado en Ciencias Agron\u00f3micas en Facult\u00e9 Universitaire des Sciences Agronomiques de Gembloux B\u00e9lgica (1988), se a especializado en&hellip;","_links":{"self":[{"href":"https:\/\/wp.lamolina.edu.pe\/postgrado\/pmas\/wp-json\/wp\/v2\/posts\/824","targetHints":{"allow":["GET"]}}],"collection":[{"href":"https:\/\/wp.lamolina.edu.pe\/postgrado\/pmas\/wp-json\/wp\/v2\/posts"}],"about":[{"href":"https:\/\/wp.lamolina.edu.pe\/postgrado\/pmas\/wp-json\/wp\/v2\/types\/post"}],"author":[{"embeddable":true,"href":"https:\/\/wp.lamolina.edu.pe\/postgrado\/pmas\/wp-json\/wp\/v2\/users\/1"}],"replies":[{"embeddable":true,"href":"https:\/\/wp.lamolina.edu.pe\/postgrado\/pmas\/wp-json\/wp\/v2\/comments?post=824"}],"version-history":[{"count":3,"href":"https:\/\/wp.lamolina.edu.pe\/postgrado\/pmas\/wp-json\/wp\/v2\/posts\/824\/revisions"}],"predecessor-version":[{"id":2489,"href":"https:\/\/wp.lamolina.edu.pe\/postgrado\/pmas\/wp-json\/wp\/v2\/posts\/824\/revisions\/2489"}],"wp:featuredmedia":[{"embeddable":true,"href":"https:\/\/wp.lamolina.edu.pe\/postgrado\/pmas\/wp-json\/wp\/v2\/media\/832"}],"wp:attachment":[{"href":"https:\/\/wp.lamolina.edu.pe\/postgrado\/pmas\/wp-json\/wp\/v2\/media?parent=824"}],"wp:term":[{"taxonomy":"category","embeddable":true,"href":"https:\/\/wp.lamolina.edu.pe\/postgrado\/pmas\/wp-json\/wp\/v2\/categories?post=824"},{"taxonomy":"post_tag","embeddable":true,"href":"https:\/\/wp.lamolina.edu.pe\/postgrado\/pmas\/wp-json\/wp\/v2\/tags?post=824"}],"curies":[{"name":"wp","href":"https:\/\/api.w.org\/{rel}","templated":true}]}}